{"id":341,"date":"2021-10-13T09:28:02","date_gmt":"2021-10-13T09:28:02","guid":{"rendered":"http:\/\/agroalimentarias-andalucia.coop\/ruralesyagrarias\/?p=341"},"modified":"2021-10-15T07:19:28","modified_gmt":"2021-10-15T07:19:28","slug":"ana-maria-fernandez-cayuela","status":"publish","type":"post","link":"https:\/\/agroalimentarias-andalucia.coop\/ruralesyagrarias\/ana-maria-fernandez-cayuela\/","title":{"rendered":"Ana Mar\u00eda Fern\u00e1ndez Cayuela"},"content":{"rendered":"<div class=\"wpb-content-wrapper\"><p>[vc_row][vc_column width=\u00bb1\/4&#8243;][vc_single_image image=\u00bb505&#8243; img_size=\u00bb200&#215;200&#8243; style=\u00bbvc_box_shadow_circle_2&#8243;][\/vc_column][vc_column width=\u00bb3\/4&#8243;][vc_column_text]<span style=\"font-size: 18pt;\"><strong>Ana Mar\u00eda Fern\u00e1ndez Cayuela<br \/>\n<\/strong><strong>38 a\u00f1os<br \/>\n<\/strong>Ganadera de caprino<\/span><br \/>\n<span style=\"font-size: 18pt;\">La Pastora de Taberno SCA<br \/>\n<\/span>[\/vc_column_text][\/vc_column][\/vc_row][vc_row full_width=\u00bbstretch_row\u00bb css=\u00bb.vc_custom_1634228327372{background-image: url(https:\/\/agroalimentarias-andalucia.coop\/ruralesyagrarias\/wp-content\/uploads\/2021\/10\/Clipboard01.jpg?id=471) !important;}\u00bb][vc_column][vc_column_text]<\/p>\n<p style=\"text-align: justify;\">Desde bien peque\u00f1a Ana Mar\u00eda Fern\u00e1ndez Cayuela ha estado vinculada al campo. Su padre le inculc\u00f3 el amor por los animales, especialmente por las cabras. A ellas se dedica plenamente desde hace cuatro a\u00f1os, cuando su padre decidi\u00f3 jubilarse y darle el testigo de una pasi\u00f3n de la que le cost\u00f3 despegarse.<\/p>\n<p style=\"text-align: justify;\">La vida laboral de Ana Mar\u00eda siempre ha estado ligada a la agroalimentaci\u00f3n. Aunque estudi\u00f3 para ser administrativa, antes de convertirse en ganadera, emprendi\u00f3 en el mundo de la alimentaci\u00f3n con un peque\u00f1o supermercado. Sin embargo, siempre fue m\u00e1s de la tierra que del mostrador. As\u00ed que con firme decisi\u00f3n cogi\u00f3 el relevo de su padre. Asegura que dedicarse al campo le resulta m\u00e1s rentable, tanto en lo profesional como en lo personal. De hecho, su marido tambi\u00e9n es agricultor y entre los dos cuidan de las cabras y de su explotaci\u00f3n de almendro.<\/p>\n<p style=\"text-align: justify;\">Ana Mar\u00eda se levanta siempre bien temprano para atender a sus animales y a eso de las 11 de la ma\u00f1ana se monta en el tractor para labrar la tierra. Dos producciones que tiene cooperativizadas para sacarle el mayor rendimiento a su trabajo. Por ello, con orgullo y en contra del pensamiento generalizado, sostiene que su vida en el campo le ha aportado una gran estabilidad.<\/p>\n<p>[\/vc_column_text][\/vc_column][\/vc_row][vc_row][vc_column][vc_raw_html]JTNDaWZyYW1lJTIwd2lkdGglM0QlMjIxMDAlMjUlMjIlMjBoZWlnaHQlM0QlMjI2MTUlMjIlMjBzcmMlM0QlMjJodHRwcyUzQSUyRiUyRnd3dy55b3V0dWJlLmNvbSUyRmVtYmVkJTJGa2RQV2JxMGI5dGslMjIlMjB0aXRsZSUzRCUyMllvdVR1YmUlMjB2aWRlbyUyMHBsYXllciUyMiUyMGZyYW1lYm9yZGVyJTNEJTIyMCUyMiUyMGFsbG93JTNEJTIyYWNjZWxlcm9tZXRlciUzQiUyMGF1dG9wbGF5JTNCJTIwY2xpcGJvYXJkLXdyaXRlJTNCJTIwZW5jcnlwdGVkLW1lZGlhJTNCJTIwZ3lyb3Njb3BlJTNCJTIwcGljdHVyZS1pbi1waWN0dXJlJTIyJTIwYWxsb3dmdWxsc2NyZWVuJTNFJTNDJTJGaWZyYW1lJTNF[\/vc_raw_html][\/vc_column][\/vc_row]<\/p>\n<\/div>","protected":false},"excerpt":{"rendered":"<p>[vc_row][vc_column width=\u00bb1\/4&#8243;][vc_single_image image=\u00bb505&#8243; img_size=\u00bb200&#215;200&#8243; style=\u00bbvc_box_shadow_circle_2&#8243;][\/vc_column][vc_column width=\u00bb3\/4&#8243;][vc_column_text]Ana Mar\u00eda Fern\u00e1ndez Cayuela 38 a\u00f1os Ganadera de caprino La Pastora de Taberno SCA [\/vc_column_text][\/vc_column][\/vc_row][vc_row full_width=\u00bbstretch_row\u00bb css=\u00bb.vc_custom_1634228327372{background-image: url(https:\/\/agroalimentarias-andalucia.coop\/ruralesyagrarias\/wp-content\/uploads\/2021\/10\/Clipboard01.jpg?id=471) !important;}\u00bb][vc_column][vc_column_text] Desde bien<span class=\"excerpt-hellip\"> [\u2026]<\/span><\/p>\n","protected":false},"author":1,"featured_media":505,"comment_status":"closed","ping_status":"open","sticky":false,"template":"","format":"standard","meta":{"footnotes":""},"categories":[4],"tags":[],"class_list":["post-341","post","type-post","status-publish","format-standard","has-post-thumbnail","hentry","category-mujeres-rurales"],"_links":{"self":[{"href":"https:\/\/agroalimentarias-andalucia.coop\/ruralesyagrarias\/wp-json\/wp\/v2\/posts\/341","targetHints":{"allow":["GET"]}}],"collection":[{"href":"https:\/\/agroalimentarias-andalucia.coop\/ruralesyagrarias\/wp-json\/wp\/v2\/posts"}],"about":[{"href":"https:\/\/agroalimentarias-andalucia.coop\/ruralesyagrarias\/wp-json\/wp\/v2\/types\/post"}],"author":[{"embeddable":true,"href":"https:\/\/agroalimentarias-andalucia.coop\/ruralesyagrarias\/wp-json\/wp\/v2\/users\/1"}],"replies":[{"embeddable":true,"href":"https:\/\/agroalimentarias-andalucia.coop\/ruralesyagrarias\/wp-json\/wp\/v2\/comments?post=341"}],"version-history":[{"count":14,"href":"https:\/\/agroalimentarias-andalucia.coop\/ruralesyagrarias\/wp-json\/wp\/v2\/posts\/341\/revisions"}],"predecessor-version":[{"id":546,"href":"https:\/\/agroalimentarias-andalucia.coop\/ruralesyagrarias\/wp-json\/wp\/v2\/posts\/341\/revisions\/546"}],"wp:featuredmedia":[{"embeddable":true,"href":"https:\/\/agroalimentarias-andalucia.coop\/ruralesyagrarias\/wp-json\/wp\/v2\/media\/505"}],"wp:attachment":[{"href":"https:\/\/agroalimentarias-andalucia.coop\/ruralesyagrarias\/wp-json\/wp\/v2\/media?parent=341"}],"wp:term":[{"taxonomy":"category","embeddable":true,"href":"https:\/\/agroalimentarias-andalucia.coop\/ruralesyagrarias\/wp-json\/wp\/v2\/categories?post=341"},{"taxonomy":"post_tag","embeddable":true,"href":"https:\/\/agroalimentarias-andalucia.coop\/ruralesyagrarias\/wp-json\/wp\/v2\/tags?post=341"}],"curies":[{"name":"wp","href":"https:\/\/api.w.org\/{rel}","templated":true}]}}