{"id":360,"date":"2021-10-13T10:43:30","date_gmt":"2021-10-13T10:43:30","guid":{"rendered":"http:\/\/agroalimentarias-andalucia.coop\/ruralesyagrarias\/?p=360"},"modified":"2021-10-15T07:20:07","modified_gmt":"2021-10-15T07:20:07","slug":"pilar-gomez-fernandez","status":"publish","type":"post","link":"https:\/\/agroalimentarias-andalucia.coop\/ruralesyagrarias\/pilar-gomez-fernandez\/","title":{"rendered":"Pilar G\u00f3mez Fern\u00e1ndez"},"content":{"rendered":"<div class=\"wpb-content-wrapper\"><p>[vc_row][vc_column width=\u00bb1\/4&#8243;][vc_single_image image=\u00bb526&#8243; style=\u00bbvc_box_shadow_circle_2&#8243;][\/vc_column][vc_column width=\u00bb3\/4&#8243;][vc_column_text]<\/p>\n<p>&nbsp;<\/p>\n<p><span style=\"font-size: 18pt;\"><strong>PILAR G\u00d3MEZ FERN\u00c1NDEZ<br \/>\n<\/strong>Presidenta de AMCAE-Andaluc\u00eda<\/span>[\/vc_column_text][\/vc_column][\/vc_row][vc_row][vc_column][vc_column_text]<\/p>\n<h1 style=\"text-align: justify;\">Rurales y agrarias por convicci\u00f3n<\/h1>\n<p style=\"text-align: justify;\">Cada ma\u00f1ana, cuando inicio las tareas en mi explotaci\u00f3n ganadera, no puedo dejar de sentir cierto orgullo por haber perpetrado el trabajo en el que mi padre se esforz\u00f3 a lo largo de d\u00e9cadas. Es una sensaci\u00f3n que me invade desde hace 30 a\u00f1os, cuando por convicci\u00f3n me convert\u00ed en ganadera.<\/p>\n<p style=\"text-align: justify;\">Desde entonces he conocido a numerosas mujeres que han apostado por la agricultura y la ganader\u00eda como forma de vida. Agricultoras y ganaderas como las que hoy ponen voz a un colectivo cada vez m\u00e1s grande y m\u00e1s consciente de que la mujer siempre ha sido una pieza fundamental en el sector agrario. Ellas, nosotras, siempre hemos trabajado por mantener vivas las explotaciones familiares y por impulsar nuestro mundo rural.<\/p>\n<p style=\"text-align: justify;\">Andaluc\u00eda necesita mujeres ejemplares como las que hoy, en este D\u00eda Internacional de la Mujer Rural, nos cuentan su historia. Cooperativistas con proyectos fascinantes. Mujeres que generan riqueza en su entorno. Agricultoras y ganaderas que son una motivaci\u00f3n para muchas otras mujeres y, sobre todo, para las generaciones venideras. Profesionales que son el presente y el futuro de nuestros pueblos, de nuestra Andaluc\u00eda rural, de un territorio fuerte, que no se puede entender sin el sector agrario ni las cooperativas.<\/p>\n<p style=\"text-align: justify;\">Todas ellas trabajan para cultivar un territorio econ\u00f3mica y socialmente sostenible. Lo hacen con la pasi\u00f3n heredades de sus familias pero a contracorriente de la sociedad. Han asistido al abandono de sus pueblos y han visto c\u00f3mo sus vecinos dejaban sus explotaciones y se iban a sectores, a priori, m\u00e1s pr\u00f3speros como los servicios o la construcci\u00f3n. Han sido testigos de c\u00f3mo la vida del medio rural se iba apagando por falta de oportunidades, de infraestructuras y de recursos.<\/p>\n<p style=\"text-align: justify;\">Estas mujeres han entendido que la actividad agr\u00edcola y ganadera son la simiente de un sector esencial como el de la agroalimentaci\u00f3n. Y, lamentablemente, ha tenido que irrumpir una crisis sanitaria mundial para que el resto de la sociedad le reconozca esa condici\u00f3n. La realidad: la alimentaci\u00f3n es la base de una sociedad pr\u00f3spera.<\/p>\n<p style=\"text-align: justify;\">Creo, por tanto,que nuestro sector merece ser m\u00e1s visible, que se muestre la realidad de una agricultura y una ganader\u00eda moderna y profesionalizada, una actividad que es el sustento de miles de familias andaluzas, personas que han encontrado en el medio rural su modo de vida, a pesar de las dificultades. Y es que la realidad es que todav\u00eda hay muchos pueblos sin una buena conexi\u00f3n a internet, sin carreteras acondicionadas para el transporte y sin servicios b\u00e1sicos que faciliten la fijaci\u00f3n de poblaci\u00f3n al territorio.<\/p>\n<p style=\"text-align: justify;\">En este sentido, no podemos obviar el papel de las administraciones en esta tarea. El medio rural precisa de inversi\u00f3n econ\u00f3mica, de infraestructuras y de servicios. Necesita el respaldo de las administraciones locales, auton\u00f3micas, nacionales y europeas a trav\u00e9s de l\u00edneas concretas de ayudas que faciliten la inversi\u00f3n para mejorar las condiciones tecnol\u00f3gicas, de comunicaci\u00f3n y log\u00edsticas para acabar con la brecha que a\u00fan existe entre las ciudades y los pueblos.<\/p>\n<p style=\"text-align: justify;\">Desde AMCAE-Andaluc\u00eda y Cooperativas Agro-alimentarias de Andaluc\u00eda defendemos que la uni\u00f3n es la mejor forma de conseguir estos objetivos y de velar por los intereses del sector agroalimentario y del modelo cooperativo. Cuando nuestra asociaci\u00f3n naci\u00f3, hace ya tres a\u00f1os, nuestras metas eran promover la participaci\u00f3n de las agricultoras y las ganaderas en las asambleas de las cooperativas e impulsar su promoci\u00f3n a los consejos rectores. Sin embargo, los devenires del sector con unos precios cambiantes en detrimento de las productoras y los productores, los acuerdo comerciales, la configuraci\u00f3n de ayudas y el propio funcionamiento de la cadena alimentaria nos han obligado a replantearnos nuestra estrategia.<\/p>\n<p style=\"text-align: justify;\">Hemos entendido que como asociaci\u00f3n debemos fortalecer la red de agricultoras y ganaderas cooperativistas, pero tambi\u00e9n defender las mejores condiciones para que estas profesionales, junto a sus compa\u00f1eros, desarrollen su actividad con las mejores condiciones. Debemos desechar esa imagen de sector residual y aprovechar la proyecci\u00f3n que nos ha dado la pandemia para modificar las creencias establecidas. En definitiva, difundir a las nuevas generaciones que sin personas dedicadas a la agricultura y a la ganader\u00eda, sin la labor de las cooperativas y sin la base de la riqueza de nuestros pueblos, la Andaluc\u00eda rural no existir\u00eda.<\/p>\n<p>[\/vc_column_text][\/vc_column][\/vc_row]<\/p>\n<\/div>","protected":false},"excerpt":{"rendered":"<p>[vc_row][vc_column width=\u00bb1\/4&#8243;][vc_single_image image=\u00bb526&#8243; style=\u00bbvc_box_shadow_circle_2&#8243;][\/vc_column][vc_column width=\u00bb3\/4&#8243;][vc_column_text] &nbsp; PILAR G\u00d3MEZ FERN\u00c1NDEZ Presidenta de AMCAE-Andaluc\u00eda[\/vc_column_text][\/vc_column][\/vc_row][vc_row][vc_column][vc_column_text] Rurales y agrarias por convicci\u00f3n Cada ma\u00f1ana, cuando inicio las tareas en mi explotaci\u00f3n<span class=\"excerpt-hellip\"> [\u2026]<\/span><\/p>\n","protected":false},"author":1,"featured_media":526,"comment_status":"closed","ping_status":"open","sticky":false,"template":"","format":"standard","meta":{"footnotes":""},"categories":[4],"tags":[],"class_list":["post-360","post","type-post","status-publish","format-standard","has-post-thumbnail","hentry","category-mujeres-rurales"],"_links":{"self":[{"href":"https:\/\/agroalimentarias-andalucia.coop\/ruralesyagrarias\/wp-json\/wp\/v2\/posts\/360","targetHints":{"allow":["GET"]}}],"collection":[{"href":"https:\/\/agroalimentarias-andalucia.coop\/ruralesyagrarias\/wp-json\/wp\/v2\/posts"}],"about":[{"href":"https:\/\/agroalimentarias-andalucia.coop\/ruralesyagrarias\/wp-json\/wp\/v2\/types\/post"}],"author":[{"embeddable":true,"href":"https:\/\/agroalimentarias-andalucia.coop\/ruralesyagrarias\/wp-json\/wp\/v2\/users\/1"}],"replies":[{"embeddable":true,"href":"https:\/\/agroalimentarias-andalucia.coop\/ruralesyagrarias\/wp-json\/wp\/v2\/comments?post=360"}],"version-history":[{"count":7,"href":"https:\/\/agroalimentarias-andalucia.coop\/ruralesyagrarias\/wp-json\/wp\/v2\/posts\/360\/revisions"}],"predecessor-version":[{"id":528,"href":"https:\/\/agroalimentarias-andalucia.coop\/ruralesyagrarias\/wp-json\/wp\/v2\/posts\/360\/revisions\/528"}],"wp:featuredmedia":[{"embeddable":true,"href":"https:\/\/agroalimentarias-andalucia.coop\/ruralesyagrarias\/wp-json\/wp\/v2\/media\/526"}],"wp:attachment":[{"href":"https:\/\/agroalimentarias-andalucia.coop\/ruralesyagrarias\/wp-json\/wp\/v2\/media?parent=360"}],"wp:term":[{"taxonomy":"category","embeddable":true,"href":"https:\/\/agroalimentarias-andalucia.coop\/ruralesyagrarias\/wp-json\/wp\/v2\/categories?post=360"},{"taxonomy":"post_tag","embeddable":true,"href":"https:\/\/agroalimentarias-andalucia.coop\/ruralesyagrarias\/wp-json\/wp\/v2\/tags?post=360"}],"curies":[{"name":"wp","href":"https:\/\/api.w.org\/{rel}","templated":true}]}}