{"id":368,"date":"2021-10-13T10:50:54","date_gmt":"2021-10-13T10:50:54","guid":{"rendered":"http:\/\/agroalimentarias-andalucia.coop\/ruralesyagrarias\/?p=368"},"modified":"2021-10-15T07:21:00","modified_gmt":"2021-10-15T07:21:00","slug":"ana-pilar-valverde-artero","status":"publish","type":"post","link":"https:\/\/agroalimentarias-andalucia.coop\/ruralesyagrarias\/ana-pilar-valverde-artero\/","title":{"rendered":"Ana Pilar Valverde Artero"},"content":{"rendered":"<div class=\"wpb-content-wrapper\"><p>[vc_row][vc_column width=\u00bb1\/4&#8243;][vc_single_image image=\u00bb411&#8243; img_size=\u00bb200&#215;200&#8243; style=\u00bbvc_box_shadow_circle_2&#8243;][\/vc_column][vc_column width=\u00bb3\/4&#8243;][vc_column_text]<span style=\"font-size: 18pt;\"><strong>Ana Pilar Valverde Artero<br \/>\n<\/strong><\/span><span style=\"font-size: 18pt;\"><strong>31 a\u00f1os<br \/>\n<\/strong><\/span><span style=\"font-size: 18pt;\">Psic\u00f3loga y agricultora<br \/>\n<\/span><span style=\"font-size: 18pt;\">Cooperativa Agr\u00edcola Olivarera Virgen del Campo SCA<\/span>[\/vc_column_text][\/vc_column][\/vc_row][vc_row full_width=\u00bbstretch_row\u00bb css=\u00bb.vc_custom_1634228203472{background-image: url(https:\/\/agroalimentarias-andalucia.coop\/ruralesyagrarias\/wp-content\/uploads\/2021\/10\/Clipboard01.jpg?id=471) !important;}\u00bb][vc_column][vc_column_text]<\/p>\n<p style=\"text-align: justify;\">Ana Pilar Valverde Artero es una de esas j\u00f3venes comprometidas con el desarrollo del entorno rural. Es psic\u00f3loga de profesi\u00f3n, pero con una gran vocaci\u00f3n por el campo. Un amor heredado de sus padres y abuelos y compartido con su pareja.<\/p>\n<p style=\"text-align: justify;\">Lamenta la situaci\u00f3n que viven muchos pueblos como el suyo, Ca\u00f1ete de las Torres, con unos 2.900 habitantes. La gente de su quinta se est\u00e1 marchando, y cada vez son menos los que optan por la agricultura como una salida laboral.<\/p>\n<p style=\"text-align: justify;\">Ana Pilar fue consciente de ello con la jubilaci\u00f3n de su padre. Ante la posibilidad de que todo el trabajo de su familia se perdiera, lo tuvo claro y tom\u00f3 las riendas de la explotaci\u00f3n de olivar, una producci\u00f3n que est\u00e1 vinculada a la Cooperativa Agr\u00edcola Olivarera Virgen del Campo, de la que adem\u00e1s es vicepresidenta desde hace un a\u00f1o.<\/p>\n<p style=\"text-align: justify;\">Con su experiencia quiere mostrar a su generaci\u00f3n y a las venideras que la agricultura y la ganader\u00eda son actividades viables, con gran proyecci\u00f3n laboral y que directa o indirectamente afecta a todos los habitantes de un pueblo que es eminentemente agrario. Tanto es as\u00ed que no cierra las puertas a dedicarse plenamente a sus olivares en un futuro.<\/p>\n<p>[\/vc_column_text][\/vc_column][\/vc_row][vc_row][vc_column][vc_raw_html]JTNDaWZyYW1lJTIwd2lkdGglM0QlMjIxMDAlMjUlMjIlMjBoZWlnaHQlM0QlMjI2MTUlMjIlMjBzcmMlM0QlMjJodHRwcyUzQSUyRiUyRnd3dy55b3V0dWJlLmNvbSUyRmVtYmVkJTJGamlLY3lsUlU3SGslMjIlMjB0aXRsZSUzRCUyMllvdVR1YmUlMjB2aWRlbyUyMHBsYXllciUyMiUyMGZyYW1lYm9yZGVyJTNEJTIyMCUyMiUyMGFsbG93JTNEJTIyYWNjZWxlcm9tZXRlciUzQiUyMGF1dG9wbGF5JTNCJTIwY2xpcGJvYXJkLXdyaXRlJTNCJTIwZW5jcnlwdGVkLW1lZGlhJTNCJTIwZ3lyb3Njb3BlJTNCJTIwcGljdHVyZS1pbi1waWN0dXJlJTIyJTIwYWxsb3dmdWxsc2NyZWVuJTNFJTNDJTJGaWZyYW1lJTNF[\/vc_raw_html][\/vc_column][\/vc_row]<\/p>\n<\/div>","protected":false},"excerpt":{"rendered":"<p>[vc_row][vc_column width=\u00bb1\/4&#8243;][vc_single_image image=\u00bb411&#8243; img_size=\u00bb200&#215;200&#8243; style=\u00bbvc_box_shadow_circle_2&#8243;][\/vc_column][vc_column width=\u00bb3\/4&#8243;][vc_column_text]Ana Pilar Valverde Artero 31 a\u00f1os Psic\u00f3loga y agricultora Cooperativa Agr\u00edcola Olivarera Virgen del Campo SCA[\/vc_column_text][\/vc_column][\/vc_row][vc_row full_width=\u00bbstretch_row\u00bb css=\u00bb.vc_custom_1634228203472{background-image: url(https:\/\/agroalimentarias-andalucia.coop\/ruralesyagrarias\/wp-content\/uploads\/2021\/10\/Clipboard01.jpg?id=471) !important;}\u00bb][vc_column][vc_column_text] Ana<span class=\"excerpt-hellip\"> [\u2026]<\/span><\/p>\n","protected":false},"author":1,"featured_media":411,"comment_status":"closed","ping_status":"open","sticky":false,"template":"","format":"standard","meta":{"footnotes":""},"categories":[4],"tags":[],"class_list":["post-368","post","type-post","status-publish","format-standard","has-post-thumbnail","hentry","category-mujeres-rurales"],"_links":{"self":[{"href":"https:\/\/agroalimentarias-andalucia.coop\/ruralesyagrarias\/wp-json\/wp\/v2\/posts\/368","targetHints":{"allow":["GET"]}}],"collection":[{"href":"https:\/\/agroalimentarias-andalucia.coop\/ruralesyagrarias\/wp-json\/wp\/v2\/posts"}],"about":[{"href":"https:\/\/agroalimentarias-andalucia.coop\/ruralesyagrarias\/wp-json\/wp\/v2\/types\/post"}],"author":[{"embeddable":true,"href":"https:\/\/agroalimentarias-andalucia.coop\/ruralesyagrarias\/wp-json\/wp\/v2\/users\/1"}],"replies":[{"embeddable":true,"href":"https:\/\/agroalimentarias-andalucia.coop\/ruralesyagrarias\/wp-json\/wp\/v2\/comments?post=368"}],"version-history":[{"count":9,"href":"https:\/\/agroalimentarias-andalucia.coop\/ruralesyagrarias\/wp-json\/wp\/v2\/posts\/368\/revisions"}],"predecessor-version":[{"id":519,"href":"https:\/\/agroalimentarias-andalucia.coop\/ruralesyagrarias\/wp-json\/wp\/v2\/posts\/368\/revisions\/519"}],"wp:featuredmedia":[{"embeddable":true,"href":"https:\/\/agroalimentarias-andalucia.coop\/ruralesyagrarias\/wp-json\/wp\/v2\/media\/411"}],"wp:attachment":[{"href":"https:\/\/agroalimentarias-andalucia.coop\/ruralesyagrarias\/wp-json\/wp\/v2\/media?parent=368"}],"wp:term":[{"taxonomy":"category","embeddable":true,"href":"https:\/\/agroalimentarias-andalucia.coop\/ruralesyagrarias\/wp-json\/wp\/v2\/categories?post=368"},{"taxonomy":"post_tag","embeddable":true,"href":"https:\/\/agroalimentarias-andalucia.coop\/ruralesyagrarias\/wp-json\/wp\/v2\/tags?post=368"}],"curies":[{"name":"wp","href":"https:\/\/api.w.org\/{rel}","templated":true}]}}