{"id":372,"date":"2021-10-13T12:57:25","date_gmt":"2021-10-13T12:57:25","guid":{"rendered":"http:\/\/agroalimentarias-andalucia.coop\/ruralesyagrarias\/?p=372"},"modified":"2021-10-15T07:21:25","modified_gmt":"2021-10-15T07:21:25","slug":"carmen-fernandez-dominguez","status":"publish","type":"post","link":"https:\/\/agroalimentarias-andalucia.coop\/ruralesyagrarias\/carmen-fernandez-dominguez\/","title":{"rendered":"Carmen Fern\u00e1ndez Dom\u00ednguez"},"content":{"rendered":"<div class=\"wpb-content-wrapper\"><p>[vc_row][vc_column width=\u00bb1\/4&#8243;][vc_single_image image=\u00bb393&#8243; img_size=\u00bb200&#215;200&#8243; style=\u00bbvc_box_shadow_circle_2&#8243;][\/vc_column][vc_column width=\u00bb3\/4&#8243;][vc_column_text]<span style=\"font-size: 18pt;\"><strong>Carmen Fern\u00e1ndez Dom\u00ednguez<br \/>\n<\/strong><strong>21 a\u00f1os<br \/>\n<\/strong>Ganadera de caprino<\/span><br \/>\n<span style=\"font-size: 18pt;\">Ovipor SCA<br \/>\n<\/span>[\/vc_column_text][\/vc_column][\/vc_row][vc_row full_width=\u00bbstretch_row\u00bb css=\u00bb.vc_custom_1634228266459{background-image: url(https:\/\/agroalimentarias-andalucia.coop\/ruralesyagrarias\/wp-content\/uploads\/2021\/10\/Clipboard01.jpg?id=471) !important;}\u00bb][vc_column][vc_column_text]<\/p>\n<p style=\"text-align: justify;\">Carmen Fern\u00e1ndez Dom\u00ednguez es la benjamina de la representaci\u00f3n de mujeres que en este bolet\u00edn ponen voz a una generaci\u00f3n que vela por mantener viva la Andaluc\u00eda rural. Con sus 21 a\u00f1os \u00ad-casi 22- habla con conocimiento de causa del sacrificio, el esfuerzo y el compromiso.<\/p>\n<p style=\"text-align: justify;\">De la mano de su abuelo descubri\u00f3 que su pasi\u00f3n eran las cabras. A la jubilaci\u00f3n de este, fue valiente y asumi\u00f3 la responsabilidad de cuidar de su reba\u00f1o y de llevar adelante su explotaci\u00f3n. Reci\u00e9n salida de la Educaci\u00f3n Secundaria, realiz\u00f3 un curso sobre gesti\u00f3n de explotaciones ganaderas y con los conocimientos b\u00e1sicos y las ganas ha conseguido mantener el legado de su familia e incluso lo est\u00e1 ampliando.<\/p>\n<p style=\"text-align: justify;\">Carmen sabe que es una rara avis entre sus amistades, pero cada d\u00eda se levanta con la ilusi\u00f3n de ir a un trabajo que el gusta y en el que d\u00eda a d\u00eda aprende algo nuevo. Adem\u00e1s, cuenta con el respaldo de una cooperativa como Ovipor, que atesora cuatro d\u00e9cadas de conocimiento y un modelo comercial atractivo para las generaciones m\u00e1s j\u00f3venes.<\/p>\n<p>[\/vc_column_text][\/vc_column][\/vc_row][vc_row][vc_column][vc_raw_html]JTNDaWZyYW1lJTIwd2lkdGglM0QlMjIxMDAlMjUlMjIlMjBoZWlnaHQlM0QlMjI2MTUlMjIlMjBzcmMlM0QlMjJodHRwcyUzQSUyRiUyRnd3dy55b3V0dWJlLmNvbSUyRmVtYmVkJTJGTlpNUTY0dkhMUG8lMjIlMjB0aXRsZSUzRCUyMllvdVR1YmUlMjB2aWRlbyUyMHBsYXllciUyMiUyMGZyYW1lYm9yZGVyJTNEJTIyMCUyMiUyMGFsbG93JTNEJTIyYWNjZWxlcm9tZXRlciUzQiUyMGF1dG9wbGF5JTNCJTIwY2xpcGJvYXJkLXdyaXRlJTNCJTIwZW5jcnlwdGVkLW1lZGlhJTNCJTIwZ3lyb3Njb3BlJTNCJTIwcGljdHVyZS1pbi1waWN0dXJlJTIyJTIwYWxsb3dmdWxsc2NyZWVuJTNFJTNDJTJGaWZyYW1lJTNF[\/vc_raw_html][\/vc_column][\/vc_row]<\/p>\n<\/div>","protected":false},"excerpt":{"rendered":"<p>[vc_row][vc_column width=\u00bb1\/4&#8243;][vc_single_image image=\u00bb393&#8243; img_size=\u00bb200&#215;200&#8243; style=\u00bbvc_box_shadow_circle_2&#8243;][\/vc_column][vc_column width=\u00bb3\/4&#8243;][vc_column_text]Carmen Fern\u00e1ndez Dom\u00ednguez 21 a\u00f1os Ganadera de caprino Ovipor SCA [\/vc_column_text][\/vc_column][\/vc_row][vc_row full_width=\u00bbstretch_row\u00bb css=\u00bb.vc_custom_1634228266459{background-image: url(https:\/\/agroalimentarias-andalucia.coop\/ruralesyagrarias\/wp-content\/uploads\/2021\/10\/Clipboard01.jpg?id=471) !important;}\u00bb][vc_column][vc_column_text] Carmen Fern\u00e1ndez Dom\u00ednguez es la benjamina<span class=\"excerpt-hellip\"> [\u2026]<\/span><\/p>\n","protected":false},"author":1,"featured_media":393,"comment_status":"closed","ping_status":"open","sticky":false,"template":"","format":"standard","meta":{"footnotes":""},"categories":[4],"tags":[],"class_list":["post-372","post","type-post","status-publish","format-standard","has-post-thumbnail","hentry","category-mujeres-rurales"],"_links":{"self":[{"href":"https:\/\/agroalimentarias-andalucia.coop\/ruralesyagrarias\/wp-json\/wp\/v2\/posts\/372","targetHints":{"allow":["GET"]}}],"collection":[{"href":"https:\/\/agroalimentarias-andalucia.coop\/ruralesyagrarias\/wp-json\/wp\/v2\/posts"}],"about":[{"href":"https:\/\/agroalimentarias-andalucia.coop\/ruralesyagrarias\/wp-json\/wp\/v2\/types\/post"}],"author":[{"embeddable":true,"href":"https:\/\/agroalimentarias-andalucia.coop\/ruralesyagrarias\/wp-json\/wp\/v2\/users\/1"}],"replies":[{"embeddable":true,"href":"https:\/\/agroalimentarias-andalucia.coop\/ruralesyagrarias\/wp-json\/wp\/v2\/comments?post=372"}],"version-history":[{"count":6,"href":"https:\/\/agroalimentarias-andalucia.coop\/ruralesyagrarias\/wp-json\/wp\/v2\/posts\/372\/revisions"}],"predecessor-version":[{"id":554,"href":"https:\/\/agroalimentarias-andalucia.coop\/ruralesyagrarias\/wp-json\/wp\/v2\/posts\/372\/revisions\/554"}],"wp:featuredmedia":[{"embeddable":true,"href":"https:\/\/agroalimentarias-andalucia.coop\/ruralesyagrarias\/wp-json\/wp\/v2\/media\/393"}],"wp:attachment":[{"href":"https:\/\/agroalimentarias-andalucia.coop\/ruralesyagrarias\/wp-json\/wp\/v2\/media?parent=372"}],"wp:term":[{"taxonomy":"category","embeddable":true,"href":"https:\/\/agroalimentarias-andalucia.coop\/ruralesyagrarias\/wp-json\/wp\/v2\/categories?post=372"},{"taxonomy":"post_tag","embeddable":true,"href":"https:\/\/agroalimentarias-andalucia.coop\/ruralesyagrarias\/wp-json\/wp\/v2\/tags?post=372"}],"curies":[{"name":"wp","href":"https:\/\/api.w.org\/{rel}","templated":true}]}}