{"id":376,"date":"2021-10-13T12:58:27","date_gmt":"2021-10-13T12:58:27","guid":{"rendered":"http:\/\/agroalimentarias-andalucia.coop\/ruralesyagrarias\/?p=376"},"modified":"2024-06-10T11:34:45","modified_gmt":"2024-06-10T11:34:45","slug":"carmen-maria-bernal-esparraga","status":"publish","type":"post","link":"https:\/\/agroalimentarias-andalucia.coop\/ruralesyagrarias\/carmen-maria-bernal-esparraga\/","title":{"rendered":"Carmen Mar\u00eda Bernal Esp\u00e1rraga"},"content":{"rendered":"<div class=\"wpb-content-wrapper\"><p>[vc_row][vc_column width=\u00bb1\/4&#8243;][vc_single_image image=\u00bb422&#8243; img_size=\u00bb200&#215;200&#8243; style=\u00bbvc_box_shadow_circle_2&#8243;][\/vc_column][vc_column width=\u00bb3\/4&#8243;][vc_column_text]<span style=\"font-size: 18pt;\"><strong>Carmen Mar\u00eda Bernal Esp\u00e1rraga<br \/>\n<\/strong><strong>39 a\u00f1os<br \/>\n<\/strong>Olivarera<\/span><br \/>\n<span style=\"font-size: 18pt;\">SCA Virgen de las Virtudes de Fuente Piedra<br \/>\n<\/span>[\/vc_column_text][\/vc_column][\/vc_row][vc_row full_width=\u00bbstretch_row\u00bb css=\u00bb.vc_custom_1634228250260{background-image: url(https:\/\/agroalimentarias-andalucia.coop\/ruralesyagrarias\/wp-content\/uploads\/2021\/10\/Clipboard01.jpg?id=471) !important;}\u00bb][vc_column][vc_column_text]<\/p>\n<p style=\"text-align: justify;\">El campo y el cooperativismo son dos conceptos que Carmen Mar\u00eda Bernal Esp\u00e1rraga conoce desde que era bien peque\u00f1a. Los fines de semana compartiendo vivencias con las cuadrillas de jornaleros y admirando las labores del verdeo cultivaron en esta profesora de ingl\u00e9s una fuerte vocaci\u00f3n por la agricultura y el modelo cooperativo. Tanto que hace dos a\u00f1os abandon\u00f3 su carrera como maestra de Primaria para coger el relevo de su padre en la explotaci\u00f3n de olivar.<\/p>\n<p style=\"text-align: justify;\">Curiosamente no solo sigui\u00f3 los pasos de sus ascendientes en la tierra, tambi\u00e9n en el seno de su cooperativa. Con la jubilizaci\u00f3n de su padre, la presidencia se quedaba vac\u00eda y todos tuvieron a bien en que Carmen Mar\u00eda se presentara. La decisi\u00f3n fue un\u00e1nime y desde hace dos a\u00f1os preside una cooperativa peque\u00f1a, con 90 socios, que adem\u00e1s est\u00e1 integrada en el grupo Dcoop, de la que tambi\u00e9n es consejera.<\/p>\n<p style=\"text-align: justify;\">Las ventajas de la docencia no desequilibraron la balanza cuando Carmen Mar\u00eda tuvo que tomar la decisi\u00f3n. Sostiene que no podr\u00eda mirar para otro lado ni dejar que el patrimonio de su padre, abuelo y bisabuelo, labrado durante d\u00e9cadas, se quedara en manos de terceros. As\u00ed que durante el verano de 2019 dej\u00f3 su vida como profesora y decidi\u00f3 aprender de la mano de su padre, antes de que este se jubilara. Aunque tuvo que empezar de cero, Carmen Mar\u00eda no se arrepiente de su decisi\u00f3n y asegura que ha ganado calidad de vida.<\/p>\n<p>[\/vc_column_text][\/vc_column][\/vc_row][vc_row][vc_column][vc_raw_html]JTNDaWZyYW1lJTIwd2lkdGglM0QlMjIxMDAlMjUlMjIlMjBoZWlnaHQlM0QlMjI2MTUlMjIlMjBzcmMlM0QlMjJodHRwcyUzQSUyRiUyRnd3dy55b3V0dWJlLmNvbSUyRmVtYmVkJTJGMHFvWE1GU3d2M2MlMjIlMjB0aXRsZSUzRCUyMllvdVR1YmUlMjB2aWRlbyUyMHBsYXllciUyMiUyMGZyYW1lYm9yZGVyJTNEJTIyMCUyMiUyMGFsbG93JTNEJTIyYWNjZWxlcm9tZXRlciUzQiUyMGF1dG9wbGF5JTNCJTIwY2xpcGJvYXJkLXdyaXRlJTNCJTIwZW5jcnlwdGVkLW1lZGlhJTNCJTIwZ3lyb3Njb3BlJTNCJTIwcGljdHVyZS1pbi1waWN0dXJlJTIyJTIwYWxsb3dmdWxsc2NyZWVuJTNFJTNDJTJGaWZyYW1lJTNF[\/vc_raw_html][\/vc_column][\/vc_row]<\/p>\n<\/div>","protected":false},"excerpt":{"rendered":"<p>[vc_row][vc_column width=\u00bb1\/4&#8243;][vc_single_image image=\u00bb422&#8243; img_size=\u00bb200&#215;200&#8243; style=\u00bbvc_box_shadow_circle_2&#8243;][\/vc_column][vc_column width=\u00bb3\/4&#8243;][vc_column_text]Carmen Mar\u00eda Bernal Esp\u00e1rraga 39 a\u00f1os Olivarera SCA Virgen de las Virtudes de Fuente Piedra [\/vc_column_text][\/vc_column][\/vc_row][vc_row full_width=\u00bbstretch_row\u00bb css=\u00bb.vc_custom_1634228250260{background-image: url(https:\/\/agroalimentarias-andalucia.coop\/ruralesyagrarias\/wp-content\/uploads\/2021\/10\/Clipboard01.jpg?id=471) !important;}\u00bb][vc_column][vc_column_text] El<span class=\"excerpt-hellip\"> [\u2026]<\/span><\/p>\n","protected":false},"author":1,"featured_media":393,"comment_status":"closed","ping_status":"open","sticky":false,"template":"","format":"standard","meta":{"footnotes":""},"categories":[4],"tags":[],"class_list":["post-376","post","type-post","status-publish","format-standard","has-post-thumbnail","hentry","category-mujeres-rurales"],"_links":{"self":[{"href":"https:\/\/agroalimentarias-andalucia.coop\/ruralesyagrarias\/wp-json\/wp\/v2\/posts\/376","targetHints":{"allow":["GET"]}}],"collection":[{"href":"https:\/\/agroalimentarias-andalucia.coop\/ruralesyagrarias\/wp-json\/wp\/v2\/posts"}],"about":[{"href":"https:\/\/agroalimentarias-andalucia.coop\/ruralesyagrarias\/wp-json\/wp\/v2\/types\/post"}],"author":[{"embeddable":true,"href":"https:\/\/agroalimentarias-andalucia.coop\/ruralesyagrarias\/wp-json\/wp\/v2\/users\/1"}],"replies":[{"embeddable":true,"href":"https:\/\/agroalimentarias-andalucia.coop\/ruralesyagrarias\/wp-json\/wp\/v2\/comments?post=376"}],"version-history":[{"count":5,"href":"https:\/\/agroalimentarias-andalucia.coop\/ruralesyagrarias\/wp-json\/wp\/v2\/posts\/376\/revisions"}],"predecessor-version":[{"id":547,"href":"https:\/\/agroalimentarias-andalucia.coop\/ruralesyagrarias\/wp-json\/wp\/v2\/posts\/376\/revisions\/547"}],"wp:featuredmedia":[{"embeddable":true,"href":"https:\/\/agroalimentarias-andalucia.coop\/ruralesyagrarias\/wp-json\/wp\/v2\/media\/393"}],"wp:attachment":[{"href":"https:\/\/agroalimentarias-andalucia.coop\/ruralesyagrarias\/wp-json\/wp\/v2\/media?parent=376"}],"wp:term":[{"taxonomy":"category","embeddable":true,"href":"https:\/\/agroalimentarias-andalucia.coop\/ruralesyagrarias\/wp-json\/wp\/v2\/categories?post=376"},{"taxonomy":"post_tag","embeddable":true,"href":"https:\/\/agroalimentarias-andalucia.coop\/ruralesyagrarias\/wp-json\/wp\/v2\/tags?post=376"}],"curies":[{"name":"wp","href":"https:\/\/api.w.org\/{rel}","templated":true}]}}