{"id":380,"date":"2021-10-13T12:59:51","date_gmt":"2021-10-13T12:59:51","guid":{"rendered":"http:\/\/agroalimentarias-andalucia.coop\/ruralesyagrarias\/?p=380"},"modified":"2021-10-15T07:18:54","modified_gmt":"2021-10-15T07:18:54","slug":"carmen-navarro-silvan","status":"publish","type":"post","link":"https:\/\/agroalimentarias-andalucia.coop\/ruralesyagrarias\/carmen-navarro-silvan\/","title":{"rendered":"Carmen Navarro Silv\u00e1n"},"content":{"rendered":"<div class=\"wpb-content-wrapper\"><p>[vc_row][vc_column width=\u00bb1\/4&#8243;][vc_single_image image=\u00bb496&#8243; img_size=\u00bb200&#215;200&#8243; style=\u00bbvc_box_shadow_circle_2&#8243;][\/vc_column][vc_column width=\u00bb3\/4&#8243;][vc_column_text]<span style=\"font-size: 18pt;\"><strong>Carmen Navarro Silv\u00e1n<br \/>\n<\/strong><strong>25 a\u00f1os<br \/>\n<\/strong>Ingeniera agr\u00edcola y agricultora<\/span><br \/>\n<span style=\"font-size: 18pt;\">SCA Virgen del Robledo<\/span>[\/vc_column_text][\/vc_column][\/vc_row][vc_row full_width=\u00bbstretch_row\u00bb css=\u00bb.vc_custom_1634226720875{background-image: url(https:\/\/agroalimentarias-andalucia.coop\/ruralesyagrarias\/wp-content\/uploads\/2021\/10\/Clipboard01.jpg?id=471) !important;}\u00bb][vc_column][vc_column_text]<\/p>\n<p style=\"text-align: justify;\">Carmen Navarro Silv\u00e1n ha revolucionado la cooperativa de Constantina con su juventud y su visi\u00f3n empresarial. Las tareas que realizaba con sus padres en el olivar y el vi\u00f1edo familiar cuando era peque\u00f1a despertaron en ella un fuerte inter\u00e9s por el campo. Apenas termin\u00f3 sus estudios de Ingenier\u00eda Agr\u00edcola, Carmen cogi\u00f3 el testigo de la bodega familiar, un lagar que ha llevado del autoconsumo a todos los establecimientos de la Sierra Norte de Sevilla. Ese mismo crecimiento quiere reproducirlo en la explotaci\u00f3n de olivar, cuya producci\u00f3n entregan en la cooperativa especializada en ecol\u00f3gico y que comercializan de la mano de la cooperativa de segundo grado Dcoop.<\/p>\n<p style=\"text-align: justify;\">La experiencia en la gesti\u00f3n fue uno de los argumentos empleados por los socios de Virgen de Robledo para proponerla como presidenta. Asumi\u00f3 el reto con mesurada responsabilidad. Tanto que se ha rodeado de un equipo profesional e intergeneracional, pues en las filas de su consejo rector hay banqueros, economistas e incluso directores de colegios.<\/p>\n<p style=\"text-align: justify;\">Carmen no s\u00f3lo ha aportado aire fresco y conocimiento t\u00e9cnico, tambi\u00e9n una mirada abierta a las nuevas tecnolog\u00edas y las TIC. Es, de hecho, una firme convencida de los procesos de digitalizaci\u00f3n y de la transparencia para progresar, ya que son una herramienta para las cooperativas que quieran vincularse a una sociedad y unos mercados cada vez m\u00e1s globalizados.<\/p>\n<p>[\/vc_column_text][\/vc_column][\/vc_row][vc_row][vc_column][vc_raw_html]JTNDaWZyYW1lJTIwd2lkdGglM0QlMjIxMDAlMjUlMjIlMjBoZWlnaHQlM0QlMjI2MTUlMjIlMjBzcmMlM0QlMjJodHRwcyUzQSUyRiUyRnd3dy55b3V0dWJlLmNvbSUyRmVtYmVkJTJGRjdCWG11NnZUNEElMjIlMjB0aXRsZSUzRCUyMllvdVR1YmUlMjB2aWRlbyUyMHBsYXllciUyMiUyMGZyYW1lYm9yZGVyJTNEJTIyMCUyMiUyMGFsbG93JTNEJTIyYWNjZWxlcm9tZXRlciUzQiUyMGF1dG9wbGF5JTNCJTIwY2xpcGJvYXJkLXdyaXRlJTNCJTIwZW5jcnlwdGVkLW1lZGlhJTNCJTIwZ3lyb3Njb3BlJTNCJTIwcGljdHVyZS1pbi1waWN0dXJlJTIyJTIwYWxsb3dmdWxsc2NyZWVuJTNFJTNDJTJGaWZyYW1lJTNF[\/vc_raw_html][\/vc_column][\/vc_row]<\/p>\n<\/div>","protected":false},"excerpt":{"rendered":"<p>[vc_row][vc_column width=\u00bb1\/4&#8243;][vc_single_image image=\u00bb496&#8243; img_size=\u00bb200&#215;200&#8243; style=\u00bbvc_box_shadow_circle_2&#8243;][\/vc_column][vc_column width=\u00bb3\/4&#8243;][vc_column_text]Carmen Navarro Silv\u00e1n 25 a\u00f1os Ingeniera agr\u00edcola y agricultora SCA Virgen del Robledo[\/vc_column_text][\/vc_column][\/vc_row][vc_row full_width=\u00bbstretch_row\u00bb css=\u00bb.vc_custom_1634226720875{background-image: url(https:\/\/agroalimentarias-andalucia.coop\/ruralesyagrarias\/wp-content\/uploads\/2021\/10\/Clipboard01.jpg?id=471) !important;}\u00bb][vc_column][vc_column_text] Carmen Navarro Silv\u00e1n ha<span class=\"excerpt-hellip\"> [\u2026]<\/span><\/p>\n","protected":false},"author":1,"featured_media":496,"comment_status":"closed","ping_status":"open","sticky":false,"template":"","format":"standard","meta":{"footnotes":""},"categories":[4],"tags":[],"class_list":["post-380","post","type-post","status-publish","format-standard","has-post-thumbnail","hentry","category-mujeres-rurales"],"_links":{"self":[{"href":"https:\/\/agroalimentarias-andalucia.coop\/ruralesyagrarias\/wp-json\/wp\/v2\/posts\/380","targetHints":{"allow":["GET"]}}],"collection":[{"href":"https:\/\/agroalimentarias-andalucia.coop\/ruralesyagrarias\/wp-json\/wp\/v2\/posts"}],"about":[{"href":"https:\/\/agroalimentarias-andalucia.coop\/ruralesyagrarias\/wp-json\/wp\/v2\/types\/post"}],"author":[{"embeddable":true,"href":"https:\/\/agroalimentarias-andalucia.coop\/ruralesyagrarias\/wp-json\/wp\/v2\/users\/1"}],"replies":[{"embeddable":true,"href":"https:\/\/agroalimentarias-andalucia.coop\/ruralesyagrarias\/wp-json\/wp\/v2\/comments?post=380"}],"version-history":[{"count":7,"href":"https:\/\/agroalimentarias-andalucia.coop\/ruralesyagrarias\/wp-json\/wp\/v2\/posts\/380\/revisions"}],"predecessor-version":[{"id":553,"href":"https:\/\/agroalimentarias-andalucia.coop\/ruralesyagrarias\/wp-json\/wp\/v2\/posts\/380\/revisions\/553"}],"wp:featuredmedia":[{"embeddable":true,"href":"https:\/\/agroalimentarias-andalucia.coop\/ruralesyagrarias\/wp-json\/wp\/v2\/media\/496"}],"wp:attachment":[{"href":"https:\/\/agroalimentarias-andalucia.coop\/ruralesyagrarias\/wp-json\/wp\/v2\/media?parent=380"}],"wp:term":[{"taxonomy":"category","embeddable":true,"href":"https:\/\/agroalimentarias-andalucia.coop\/ruralesyagrarias\/wp-json\/wp\/v2\/categories?post=380"},{"taxonomy":"post_tag","embeddable":true,"href":"https:\/\/agroalimentarias-andalucia.coop\/ruralesyagrarias\/wp-json\/wp\/v2\/tags?post=380"}],"curies":[{"name":"wp","href":"https:\/\/api.w.org\/{rel}","templated":true}]}}