{"id":404,"date":"2021-10-13T13:54:04","date_gmt":"2021-10-13T13:54:04","guid":{"rendered":"http:\/\/agroalimentarias-andalucia.coop\/ruralesyagrarias\/?p=404"},"modified":"2021-10-15T07:23:17","modified_gmt":"2021-10-15T07:23:17","slug":"ma-del-mar-morales-gomez","status":"publish","type":"post","link":"https:\/\/agroalimentarias-andalucia.coop\/ruralesyagrarias\/ma-del-mar-morales-gomez\/","title":{"rendered":"M\u00aa del Mar Morales G\u00f3mez"},"content":{"rendered":"<div class=\"wpb-content-wrapper\"><p>[vc_row][vc_column width=\u00bb1\/4&#8243;][vc_single_image image=\u00bb540&#8243; img_size=\u00bb200&#215;200&#8243; style=\u00bbvc_box_shadow_circle_2&#8243;][\/vc_column][vc_column width=\u00bb3\/4&#8243;][vc_column_text]<span style=\"font-size: 18pt;\"><strong>M\u00aa del Mar Morales G\u00f3mez<br \/>\n<\/strong><strong>24 a\u00f1os<br \/>\n<\/strong>Agricultora y manipuladora de esp\u00e1rrago<\/span><br \/>\n<span style=\"font-size: 18pt;\">Centro Sur SCA<\/span>[\/vc_column_text][\/vc_column][\/vc_row][vc_row full_width=\u00bbstretch_row\u00bb css=\u00bb.vc_custom_1634228169939{background-image: url(https:\/\/agroalimentarias-andalucia.coop\/ruralesyagrarias\/wp-content\/uploads\/2021\/10\/Clipboard01.jpg?id=471) !important;}\u00bb][vc_column][vc_column_text]<\/p>\n<p style=\"text-align: justify;\">La granadina M\u00aa del Mar Morales G\u00f3mez descubri\u00f3 su vocaci\u00f3n agraria observando a sus mayores. Su abuelo siempre cultiv\u00f3 esp\u00e1rragos y de su mano conoci\u00f3 todas las bondades de esta hortaliza. Con su padre aprendi\u00f3 tareas como extender gomas, quitar malashierbas, retirar piedras del cultivo o recoger manojos.<\/p>\n<p style=\"text-align: justify;\">Conocimientos atesorados que le han servido para entender la importancia de defender la necesidad de perpetuar la actividad agr\u00edcola y ganadera. \u00bfQu\u00e9 ser\u00eda de las comidas y las cenas en familia, entre amigos, si no fuera por los productores?<\/p>\n<p style=\"text-align: justify;\">Adem\u00e1s de ser socia de Centro Sur, M\u00aa del Mar trabaja como manipuladora en la cooperativa. Es su primera casa laboral. En ella, dice, conceptos como implicaci\u00f3n, colaboraci\u00f3n y cooperativismo han cobrado sentido. Desde siempre en su casa se ha vivido el modelo cooperativo \u2013de hecho, tanto su padre, como su madre y su hermano tambi\u00e9n son socios de la entidad-, pero la responsabilidad de hacer llegar los productos frescos en el mejor estado para que los consumidores se deleiten lo ha conocido en el d\u00eda a d\u00eda de la cooperativa.<\/p>\n<p style=\"text-align: justify;\">En unos a\u00f1os, M\u00aa del Mar y su hermano coger\u00e1n el relevo definitivo a sus padres, un reto que afrontan con ilusi\u00f3n y con el compromiso de sentir la tierra como lo hac\u00eda su abuelo y como ahora la viven sus padres.<\/p>\n<p>[\/vc_column_text][\/vc_column][\/vc_row][vc_row][vc_column][vc_raw_html]JTNDaWZyYW1lJTIwd2lkdGglM0QlMjIxMDAlMjUlMjIlMjBoZWlnaHQlM0QlMjI2MTUlMjIlMjBzcmMlM0QlMjJodHRwcyUzQSUyRiUyRnd3dy55b3V0dWJlLmNvbSUyRmVtYmVkJTJGT1JhdUFGYlZnUkElMjIlMjB0aXRsZSUzRCUyMllvdVR1YmUlMjB2aWRlbyUyMHBsYXllciUyMiUyMGZyYW1lYm9yZGVyJTNEJTIyMCUyMiUyMGFsbG93JTNEJTIyYWNjZWxlcm9tZXRlciUzQiUyMGF1dG9wbGF5JTNCJTIwY2xpcGJvYXJkLXdyaXRlJTNCJTIwZW5jcnlwdGVkLW1lZGlhJTNCJTIwZ3lyb3Njb3BlJTNCJTIwcGljdHVyZS1pbi1waWN0dXJlJTIyJTIwYWxsb3dmdWxsc2NyZWVuJTNFJTNDJTJGaWZyYW1lJTNF[\/vc_raw_html][\/vc_column][\/vc_row]<\/p>\n<\/div>","protected":false},"excerpt":{"rendered":"<p>[vc_row][vc_column width=\u00bb1\/4&#8243;][vc_single_image image=\u00bb540&#8243; img_size=\u00bb200&#215;200&#8243; style=\u00bbvc_box_shadow_circle_2&#8243;][\/vc_column][vc_column width=\u00bb3\/4&#8243;][vc_column_text]M\u00aa del Mar Morales G\u00f3mez 24 a\u00f1os Agricultora y manipuladora de esp\u00e1rrago Centro Sur SCA[\/vc_column_text][\/vc_column][\/vc_row][vc_row full_width=\u00bbstretch_row\u00bb css=\u00bb.vc_custom_1634228169939{background-image: url(https:\/\/agroalimentarias-andalucia.coop\/ruralesyagrarias\/wp-content\/uploads\/2021\/10\/Clipboard01.jpg?id=471) !important;}\u00bb][vc_column][vc_column_text] La granadina<span class=\"excerpt-hellip\"> [\u2026]<\/span><\/p>\n","protected":false},"author":1,"featured_media":540,"comment_status":"closed","ping_status":"open","sticky":false,"template":"","format":"standard","meta":{"footnotes":""},"categories":[4],"tags":[],"class_list":["post-404","post","type-post","status-publish","format-standard","has-post-thumbnail","hentry","category-mujeres-rurales"],"_links":{"self":[{"href":"https:\/\/agroalimentarias-andalucia.coop\/ruralesyagrarias\/wp-json\/wp\/v2\/posts\/404","targetHints":{"allow":["GET"]}}],"collection":[{"href":"https:\/\/agroalimentarias-andalucia.coop\/ruralesyagrarias\/wp-json\/wp\/v2\/posts"}],"about":[{"href":"https:\/\/agroalimentarias-andalucia.coop\/ruralesyagrarias\/wp-json\/wp\/v2\/types\/post"}],"author":[{"embeddable":true,"href":"https:\/\/agroalimentarias-andalucia.coop\/ruralesyagrarias\/wp-json\/wp\/v2\/users\/1"}],"replies":[{"embeddable":true,"href":"https:\/\/agroalimentarias-andalucia.coop\/ruralesyagrarias\/wp-json\/wp\/v2\/comments?post=404"}],"version-history":[{"count":7,"href":"https:\/\/agroalimentarias-andalucia.coop\/ruralesyagrarias\/wp-json\/wp\/v2\/posts\/404\/revisions"}],"predecessor-version":[{"id":555,"href":"https:\/\/agroalimentarias-andalucia.coop\/ruralesyagrarias\/wp-json\/wp\/v2\/posts\/404\/revisions\/555"}],"wp:featuredmedia":[{"embeddable":true,"href":"https:\/\/agroalimentarias-andalucia.coop\/ruralesyagrarias\/wp-json\/wp\/v2\/media\/540"}],"wp:attachment":[{"href":"https:\/\/agroalimentarias-andalucia.coop\/ruralesyagrarias\/wp-json\/wp\/v2\/media?parent=404"}],"wp:term":[{"taxonomy":"category","embeddable":true,"href":"https:\/\/agroalimentarias-andalucia.coop\/ruralesyagrarias\/wp-json\/wp\/v2\/categories?post=404"},{"taxonomy":"post_tag","embeddable":true,"href":"https:\/\/agroalimentarias-andalucia.coop\/ruralesyagrarias\/wp-json\/wp\/v2\/tags?post=404"}],"curies":[{"name":"wp","href":"https:\/\/api.w.org\/{rel}","templated":true}]}}