{"id":446,"date":"2021-10-14T10:00:41","date_gmt":"2021-10-14T10:00:41","guid":{"rendered":"https:\/\/agroalimentarias-andalucia.coop\/ruralesyagrarias\/?p=446"},"modified":"2021-10-15T07:24:12","modified_gmt":"2021-10-15T07:24:12","slug":"rocio-ruiz-dominguez","status":"publish","type":"post","link":"https:\/\/agroalimentarias-andalucia.coop\/ruralesyagrarias\/rocio-ruiz-dominguez\/","title":{"rendered":"Roc\u00edo Ruiz Dom\u00ednguez"},"content":{"rendered":"<div class=\"wpb-content-wrapper\"><p>[vc_row][vc_column width=\u00bb1\/4&#8243;][vc_single_image image=\u00bb449&#8243; img_size=\u00bb200&#215;200&#8243; style=\u00bbvc_box_shadow_circle_2&#8243;][\/vc_column][vc_column width=\u00bb3\/4&#8243;][vc_column_text]<span style=\"font-size: 18pt;\"><strong>ROC\u00cdO RUIZ DOM\u00cdNGUEZ<\/strong><br \/>\nConsejera de Igualdad, Pol\u00edticas Sociales y Conciliaci\u00f3n de la Junta de Andaluc\u00eda<br \/>\n<\/span>[\/vc_column_text][\/vc_column][\/vc_row][vc_row][vc_column][vc_column_text]<\/p>\n<h1 style=\"text-align: justify;\">La reivindicaci\u00f3n de las mujeres rurales<\/h1>\n<p style=\"text-align: justify;\">Hoy celebramos el D\u00eda Internacional de las Mujeres Rurales con un doble objetivo: reconocer el papel decisivo de las mujeres en el desarrollo, transformaci\u00f3n social y erradicaci\u00f3n de la pobreza en el medio rural, as\u00ed como hacer visible su aportaci\u00f3n a la vida social y econ\u00f3mica de estos municipios y aldeas. Esta efem\u00e9ride fue establecida por Naciones Unidas como una jornada de reivindicaci\u00f3n y reconocimiento de las mujeres rurales, dos premisas que configuran la agenda pol\u00edtica del Gobierno andaluz y, muy especialmente, de la Consejer\u00eda de Igualdad, Pol\u00edticas Sociales y Conciliaci\u00f3n.<\/p>\n<p style=\"text-align: justify;\">Las mujeres rurales son agentes clave para conseguir los cambios econ\u00f3micos, ambientales, culturales y sociales necesarios para la recuperaci\u00f3n y reactivaci\u00f3n de Andaluc\u00eda. Desde la Consejer\u00eda de Igualdad, Pol\u00edticas Sociales y Conciliaci\u00f3n somos conscientes de la realidad de nuestra tierra y, en esta realidad, las mujeres son principalmente rurales por las caracter\u00edsticas de nuestro territorio, la extensi\u00f3n de nuestras provincias y, especialmente, de nuestros pueblos; por ello, en todas nuestras pol\u00edticas las mujeres rurales tienen una especial valoraci\u00f3n por representar a la mayor\u00eda del conjunto de las mujeres andaluzas. As\u00ed, en el Plan Estrat\u00e9gico para la Igualdad de Mujeres y Hombres de Andaluc\u00eda, que est\u00e1 ultimando el Instituto Andaluz de la Mujer, se recoge como uno de los principios rectores atender a las mujeres del \u00e1mbito rural. Este plan va a marcar todas las pol\u00edticas y actuaciones transversales en materia de igualdad, empleo, educaci\u00f3n, econom\u00eda o violencia de g\u00e9nero de la Junta de Andaluc\u00eda, las entidades locales y las universidades p\u00fablicas andaluzas.<\/p>\n<p style=\"text-align: justify;\">Tenemos que aprovechar este punto de inflexi\u00f3n que ha supuesto la crisis derivada por la pandemia para conseguir una sociedad m\u00e1s igualitaria que pasa incuestionablemente por una mayor participaci\u00f3n, visibilidad y reconocimiento de las mujeres rurales en todos los \u00e1mbitos de la vida. La labor de estas mujeres ha estado tradicionalmente invisibilizada, relegada a un segundo plano e incluso sin remunerar; a pesar de que las tareas aumentan, sum\u00e1ndose problemas de conciliaci\u00f3n, corresponsabilidad y doble jornada. Hoy m\u00e1s que nunca, pero tambi\u00e9n todos los d\u00edas del a\u00f1o, tenemos que reivindicar la innegable y vital contribuci\u00f3n de las mujeres rurales al desarrollo econ\u00f3mico y social de sus municipios, as\u00ed como a evitar su despoblaci\u00f3n, en muchas ocasiones gracias a las cooperativas agrarias y ganaderas lideradas por mujeres.<\/p>\n<p style=\"text-align: justify;\">Desde la Consejer\u00eda de Igualdad queremos abordar la ruralidad desde una perspectiva integral, no \u00fanicamente desde la perspectiva del campo, porque las mujeres rurales son, como el conjunto de mujeres, diversas y pueden llegar a todos los \u00e1mbitos de la vida. Y, de hecho, estamos impulsando pol\u00edticas para que alcancen todas las esferas de la vida, rompan techos de cristal y est\u00e9n presentes en todas las facetas: econ\u00f3mica, social, cultural, deportiva, tecnol\u00f3gica\u2026 porque especialmente en Andaluc\u00eda, que es un territorio rural, tenemos que contar con su voz para que las pol\u00edticas sean m\u00e1s acordes a la sociedad andaluza.<\/p>\n<p style=\"text-align: justify;\">\u00a1Feliz d\u00eda de las mujeres rurales!<\/p>\n<p>[\/vc_column_text][\/vc_column][\/vc_row]<\/p>\n<\/div>","protected":false},"excerpt":{"rendered":"<p>[vc_row][vc_column width=\u00bb1\/4&#8243;][vc_single_image image=\u00bb449&#8243; img_size=\u00bb200&#215;200&#8243; style=\u00bbvc_box_shadow_circle_2&#8243;][\/vc_column][vc_column width=\u00bb3\/4&#8243;][vc_column_text]ROC\u00cdO RUIZ DOM\u00cdNGUEZ Consejera de Igualdad, Pol\u00edticas Sociales y Conciliaci\u00f3n de la Junta de Andaluc\u00eda [\/vc_column_text][\/vc_column][\/vc_row][vc_row][vc_column][vc_column_text] La reivindicaci\u00f3n de las mujeres<span class=\"excerpt-hellip\"> [\u2026]<\/span><\/p>\n","protected":false},"author":1,"featured_media":449,"comment_status":"closed","ping_status":"open","sticky":false,"template":"","format":"standard","meta":{"footnotes":""},"categories":[4],"tags":[],"class_list":["post-446","post","type-post","status-publish","format-standard","has-post-thumbnail","hentry","category-mujeres-rurales"],"_links":{"self":[{"href":"https:\/\/agroalimentarias-andalucia.coop\/ruralesyagrarias\/wp-json\/wp\/v2\/posts\/446","targetHints":{"allow":["GET"]}}],"collection":[{"href":"https:\/\/agroalimentarias-andalucia.coop\/ruralesyagrarias\/wp-json\/wp\/v2\/posts"}],"about":[{"href":"https:\/\/agroalimentarias-andalucia.coop\/ruralesyagrarias\/wp-json\/wp\/v2\/types\/post"}],"author":[{"embeddable":true,"href":"https:\/\/agroalimentarias-andalucia.coop\/ruralesyagrarias\/wp-json\/wp\/v2\/users\/1"}],"replies":[{"embeddable":true,"href":"https:\/\/agroalimentarias-andalucia.coop\/ruralesyagrarias\/wp-json\/wp\/v2\/comments?post=446"}],"version-history":[{"count":3,"href":"https:\/\/agroalimentarias-andalucia.coop\/ruralesyagrarias\/wp-json\/wp\/v2\/posts\/446\/revisions"}],"predecessor-version":[{"id":556,"href":"https:\/\/agroalimentarias-andalucia.coop\/ruralesyagrarias\/wp-json\/wp\/v2\/posts\/446\/revisions\/556"}],"wp:featuredmedia":[{"embeddable":true,"href":"https:\/\/agroalimentarias-andalucia.coop\/ruralesyagrarias\/wp-json\/wp\/v2\/media\/449"}],"wp:attachment":[{"href":"https:\/\/agroalimentarias-andalucia.coop\/ruralesyagrarias\/wp-json\/wp\/v2\/media?parent=446"}],"wp:term":[{"taxonomy":"category","embeddable":true,"href":"https:\/\/agroalimentarias-andalucia.coop\/ruralesyagrarias\/wp-json\/wp\/v2\/categories?post=446"},{"taxonomy":"post_tag","embeddable":true,"href":"https:\/\/agroalimentarias-andalucia.coop\/ruralesyagrarias\/wp-json\/wp\/v2\/tags?post=446"}],"curies":[{"name":"wp","href":"https:\/\/api.w.org\/{rel}","templated":true}]}}