{"id":490,"date":"2021-10-14T15:34:52","date_gmt":"2021-10-14T15:34:52","guid":{"rendered":"https:\/\/agroalimentarias-andalucia.coop\/ruralesyagrarias\/?p=490"},"modified":"2021-10-14T15:55:52","modified_gmt":"2021-10-14T15:55:52","slug":"isabel-fernandez","status":"publish","type":"post","link":"https:\/\/agroalimentarias-andalucia.coop\/ruralesyagrarias\/isabel-fernandez\/","title":{"rendered":"Isabel F\u00e9rnandez Mart\u00ednez"},"content":{"rendered":"<div class=\"wpb-content-wrapper\"><p>[vc_row][vc_column width=\u00bb1\/4&#8243;][vc_single_image image=\u00bb486&#8243; img_size=\u00bb200&#215;200&#8243; style=\u00bbvc_box_shadow_circle_2&#8243;][\/vc_column][vc_column width=\u00bb3\/4&#8243;][vc_column_text]<span style=\"font-size: 18pt;\"><strong>Isabel Fern\u00e1ndez Mart\u00ednez<br \/>\n<\/strong><\/span><span style=\"font-size: 18pt;\"><strong>37 a\u00f1os<br \/>\n<\/strong><\/span><span style=\"font-size: 18pt;\">Olivarera<br \/>\n<\/span><span style=\"font-size: 18pt;\">SCA Santa Teresa de Jes\u00fas, de Beas de Segura<\/span><\/p>\n<p><span style=\"font-size: 18pt;\">\u00a0<\/span>[\/vc_column_text][\/vc_column][\/vc_row][vc_row full_width=\u00bbstretch_row\u00bb css=\u00bb.vc_custom_1634226918545{background-image: url(https:\/\/agroalimentarias-andalucia.coop\/ruralesyagrarias\/wp-content\/uploads\/2021\/10\/Clipboard01.jpg?id=471) !important;}\u00bb][vc_column][vc_column_text]<\/p>\n<p style=\"text-align: justify;\">Isabel se dio cuenta de que su vida y su futuro estaban en el mundo rural desde que era una ni\u00f1a. Peque\u00f1os gestos del d\u00eda a d\u00eda se lo corroboraron en la \u00e9poca en la que vivi\u00f3 en una ciudad. Fue cuando estudiaba Ciencias Ambientales en la Universidad de Ja\u00e9n. Cuenta que una vez entr\u00f3 a una tienda y que, tras dar los buenos d\u00edas como se hace en su pueblo, no le contestaron. Esta peque\u00f1a gota colm\u00f3 su vaso y la empuj\u00f3 definitivamente a elegir una vida rural, arropada por la calidez que ofrecen los peque\u00f1os municipios.<\/p>\n<p style=\"text-align: justify;\">En Beas de Segura, el pueblo que le vio nacer y donde sus hijos tienen libertad para salir a la calle a jugar al bal\u00f3n, Isabel Fern\u00e1ndez Mart\u00ednez tambi\u00e9n ha podido desarrollar su carrera profesional. Es t\u00e9cnica de campo y, adem\u00e1s, gestiona la explotaci\u00f3n olivarera que ha heredado de su familia. En 2018 fue elegida presidenta de su cooperativa, Santa Teresa, actividad que siempre le ha resultado tan dif\u00edcil como enriquecedora.<\/p>\n<p style=\"text-align: justify;\">En su caso concreto, apunta, ser mujer no ha supuesto impedimento alguno para desarrollar el trabajo como agricultora y t\u00e9cnica. Es m\u00e1s, recuerda que el d\u00eda en que la nombraron presidenta fue un grupo de hombres el que la anim\u00f3 a tomar las riendas de la cooperativa. Aun as\u00ed, lamenta que no sean muchas las j\u00f3venes que, como ella, se encuentran en puestos similares, algo que espera que cambie m\u00e1s pronto que tarde.<\/p>\n<p>[\/vc_column_text][\/vc_column][\/vc_row][vc_row][vc_column][vc_raw_html]JTNDaWZyYW1lJTIwd2lkdGglM0QlMjIxMDAlMjUlMjIlMjBoZWlnaHQlM0QlMjI2MTUlMjIlMjBzcmMlM0QlMjJodHRwcyUzQSUyRiUyRnd3dy55b3V0dWJlLmNvbSUyRmVtYmVkJTJGakVQQ3lQd1JCZ1klMjIlMjB0aXRsZSUzRCUyMllvdVR1YmUlMjB2aWRlbyUyMHBsYXllciUyMiUyMGZyYW1lYm9yZGVyJTNEJTIyMCUyMiUyMGFsbG93JTNEJTIyYWNjZWxlcm9tZXRlciUzQiUyMGF1dG9wbGF5JTNCJTIwY2xpcGJvYXJkLXdyaXRlJTNCJTIwZW5jcnlwdGVkLW1lZGlhJTNCJTIwZ3lyb3Njb3BlJTNCJTIwcGljdHVyZS1pbi1waWN0dXJlJTIyJTIwYWxsb3dmdWxsc2NyZWVuJTNFJTNDJTJGaWZyYW1lJTNF[\/vc_raw_html][\/vc_column][\/vc_row]<\/p>\n<\/div>","protected":false},"excerpt":{"rendered":"<p>[vc_row][vc_column width=\u00bb1\/4&#8243;][vc_single_image image=\u00bb486&#8243; img_size=\u00bb200&#215;200&#8243; style=\u00bbvc_box_shadow_circle_2&#8243;][\/vc_column][vc_column width=\u00bb3\/4&#8243;][vc_column_text]Isabel Fern\u00e1ndez Mart\u00ednez 37 a\u00f1os Olivarera SCA Santa Teresa de Jes\u00fas, de Beas de Segura \u00a0[\/vc_column_text][\/vc_column][\/vc_row][vc_row full_width=\u00bbstretch_row\u00bb css=\u00bb.vc_custom_1634226918545{background-image: url(https:\/\/agroalimentarias-andalucia.coop\/ruralesyagrarias\/wp-content\/uploads\/2021\/10\/Clipboard01.jpg?id=471) !important;}\u00bb][vc_column][vc_column_text] Isabel<span class=\"excerpt-hellip\"> [\u2026]<\/span><\/p>\n","protected":false},"author":1,"featured_media":0,"comment_status":"closed","ping_status":"open","sticky":false,"template":"","format":"standard","meta":{"footnotes":""},"categories":[4],"tags":[],"class_list":["post-490","post","type-post","status-publish","format-standard","hentry","category-mujeres-rurales"],"_links":{"self":[{"href":"https:\/\/agroalimentarias-andalucia.coop\/ruralesyagrarias\/wp-json\/wp\/v2\/posts\/490","targetHints":{"allow":["GET"]}}],"collection":[{"href":"https:\/\/agroalimentarias-andalucia.coop\/ruralesyagrarias\/wp-json\/wp\/v2\/posts"}],"about":[{"href":"https:\/\/agroalimentarias-andalucia.coop\/ruralesyagrarias\/wp-json\/wp\/v2\/types\/post"}],"author":[{"embeddable":true,"href":"https:\/\/agroalimentarias-andalucia.coop\/ruralesyagrarias\/wp-json\/wp\/v2\/users\/1"}],"replies":[{"embeddable":true,"href":"https:\/\/agroalimentarias-andalucia.coop\/ruralesyagrarias\/wp-json\/wp\/v2\/comments?post=490"}],"version-history":[{"count":5,"href":"https:\/\/agroalimentarias-andalucia.coop\/ruralesyagrarias\/wp-json\/wp\/v2\/posts\/490\/revisions"}],"predecessor-version":[{"id":503,"href":"https:\/\/agroalimentarias-andalucia.coop\/ruralesyagrarias\/wp-json\/wp\/v2\/posts\/490\/revisions\/503"}],"wp:attachment":[{"href":"https:\/\/agroalimentarias-andalucia.coop\/ruralesyagrarias\/wp-json\/wp\/v2\/media?parent=490"}],"wp:term":[{"taxonomy":"category","embeddable":true,"href":"https:\/\/agroalimentarias-andalucia.coop\/ruralesyagrarias\/wp-json\/wp\/v2\/categories?post=490"},{"taxonomy":"post_tag","embeddable":true,"href":"https:\/\/agroalimentarias-andalucia.coop\/ruralesyagrarias\/wp-json\/wp\/v2\/tags?post=490"}],"curies":[{"name":"wp","href":"https:\/\/api.w.org\/{rel}","templated":true}]}}